{"id":1197,"date":"2023-12-04T16:27:38","date_gmt":"2023-12-04T16:27:38","guid":{"rendered":"https:\/\/rczg.hr\/?p=1197"},"modified":"2023-12-07T17:04:26","modified_gmt":"2023-12-07T17:04:26","slug":"aleksandar-stankovic-zivot-s-depresijom-predavanje-i-rasprava","status":"publish","type":"post","link":"https:\/\/rczg.hr\/?p=1197","title":{"rendered":"Aleksandar Stankovic\u0301: \u201eZ\u030civot s depresijom\u201c, predavanje i rasprava"},"content":{"rendered":"\t\t<div data-elementor-type=\"wp-post\" data-elementor-id=\"1197\" class=\"elementor elementor-1197\">\n\t\t\t\t\t\t\t\t\t<section class=\"elementor-section elementor-top-section elementor-element elementor-element-48e8aff elementor-section-boxed elementor-section-height-default elementor-section-height-default\" data-id=\"48e8aff\" data-element_type=\"section\">\n\t\t\t\t\t\t<div class=\"elementor-container elementor-column-gap-default\">\n\t\t\t\t\t<div class=\"elementor-column elementor-col-100 elementor-top-column elementor-element elementor-element-388f113\" data-id=\"388f113\" data-element_type=\"column\">\n\t\t\t<div class=\"elementor-widget-wrap elementor-element-populated\">\n\t\t\t\t\t\t\t\t<div class=\"elementor-element elementor-element-917a81c elementor-widget elementor-widget-heading\" data-id=\"917a81c\" data-element_type=\"widget\" data-widget_type=\"heading.default\">\n\t\t\t\t<div class=\"elementor-widget-container\">\n\t\t\t<style>\/*! elementor - v3.6.0 - 21-03-2022 *\/\n.elementor-heading-title{padding:0;margin:0;line-height:1}.elementor-widget-heading .elementor-heading-title[class*=elementor-size-]>a{color:inherit;font-size:inherit;line-height:inherit}.elementor-widget-heading .elementor-heading-title.elementor-size-small{font-size:15px}.elementor-widget-heading .elementor-heading-title.elementor-size-medium{font-size:19px}.elementor-widget-heading .elementor-heading-title.elementor-size-large{font-size:29px}.elementor-widget-heading .elementor-heading-title.elementor-size-xl{font-size:39px}.elementor-widget-heading .elementor-heading-title.elementor-size-xxl{font-size:59px}<\/style><h3 class=\"elementor-heading-title elementor-size-default\">Pomaz\u030cemo Zavodu djec\u030cje i adolescentne psihijatrije i psihoterapije KBC-a Rebro<\/h3>\t\t<\/div>\n\t\t\t\t<\/div>\n\t\t\t\t<div class=\"elementor-element elementor-element-d1e660f elementor-widget elementor-widget-image\" data-id=\"d1e660f\" data-element_type=\"widget\" data-widget_type=\"image.default\">\n\t\t\t\t<div class=\"elementor-widget-container\">\n\t\t\t<style>\/*! elementor - v3.6.0 - 21-03-2022 *\/\n.elementor-widget-image{text-align:center}.elementor-widget-image a{display:inline-block}.elementor-widget-image a img[src$=\".svg\"]{width:48px}.elementor-widget-image img{vertical-align:middle;display:inline-block}<\/style>\t\t\t\t\t\t\t\t\t\t\t\t<img width=\"768\" height=\"560\" src=\"https:\/\/rczg.hr\/wp-content\/uploads\/2023\/12\/A_Stankovic-768x560.jpeg\" class=\"attachment-medium_large size-medium_large\" alt=\"\" loading=\"lazy\" srcset=\"https:\/\/rczg.hr\/wp-content\/uploads\/2023\/12\/A_Stankovic-768x560.jpeg 768w, https:\/\/rczg.hr\/wp-content\/uploads\/2023\/12\/A_Stankovic-300x219.jpeg 300w, https:\/\/rczg.hr\/wp-content\/uploads\/2023\/12\/A_Stankovic-920x671.jpeg 920w, https:\/\/rczg.hr\/wp-content\/uploads\/2023\/12\/A_Stankovic-550x400.jpeg 550w, https:\/\/rczg.hr\/wp-content\/uploads\/2023\/12\/A_Stankovic-230x168.jpeg 230w, https:\/\/rczg.hr\/wp-content\/uploads\/2023\/12\/A_Stankovic-350x255.jpeg 350w, https:\/\/rczg.hr\/wp-content\/uploads\/2023\/12\/A_Stankovic-480x350.jpeg 480w, https:\/\/rczg.hr\/wp-content\/uploads\/2023\/12\/A_Stankovic.jpeg 1000w\" sizes=\"(max-width: 768px) 100vw, 768px\" \/>\t\t\t\t\t\t\t\t\t\t\t\t\t\t\t<\/div>\n\t\t\t\t<\/div>\n\t\t\t\t\t<\/div>\n\t\t<\/div>\n\t\t\t\t\t\t\t<\/div>\n\t\t<\/section>\n\t\t\t\t<section class=\"elementor-section elementor-top-section elementor-element elementor-element-c929477 elementor-section-boxed elementor-section-height-default elementor-section-height-default\" data-id=\"c929477\" data-element_type=\"section\">\n\t\t\t\t\t\t<div class=\"elementor-container elementor-column-gap-default\">\n\t\t\t\t\t<div class=\"elementor-column elementor-col-100 elementor-top-column elementor-element elementor-element-efee719\" data-id=\"efee719\" data-element_type=\"column\">\n\t\t\t<div class=\"elementor-widget-wrap elementor-element-populated\">\n\t\t\t\t\t\t\t\t<div class=\"elementor-element elementor-element-a1e0bf0 elementor-widget elementor-widget-heading\" data-id=\"a1e0bf0\" data-element_type=\"widget\" data-widget_type=\"heading.default\">\n\t\t\t\t<div class=\"elementor-widget-container\">\n\t\t\t<h4 class=\"elementor-heading-title elementor-size-default\">U raspravi sudjeluju dr. Danica Romac i otac maloljetnika s osobnim svjedoc\u030canstvom<\/h4>\t\t<\/div>\n\t\t\t\t<\/div>\n\t\t\t\t<div class=\"elementor-element elementor-element-55cf456 elementor-widget elementor-widget-heading\" data-id=\"55cf456\" data-element_type=\"widget\" data-widget_type=\"heading.default\">\n\t\t\t\t<div class=\"elementor-widget-container\">\n\t\t\t<h5 class=\"elementor-heading-title elementor-size-default\">U organizaciji Rotary kluba Zagreb Gradec\u200b\u200b<\/h5>\t\t<\/div>\n\t\t\t\t<\/div>\n\t\t\t\t\t<\/div>\n\t\t<\/div>\n\t\t\t\t\t\t\t<\/div>\n\t\t<\/section>\n\t\t\t\t<section class=\"elementor-section elementor-top-section elementor-element elementor-element-fb7829a elementor-section-boxed elementor-section-height-default elementor-section-height-default\" data-id=\"fb7829a\" data-element_type=\"section\">\n\t\t\t\t\t\t<div class=\"elementor-container elementor-column-gap-default\">\n\t\t\t\t\t<div class=\"elementor-column elementor-col-100 elementor-top-column elementor-element elementor-element-6ac5adb\" data-id=\"6ac5adb\" data-element_type=\"column\">\n\t\t\t<div class=\"elementor-widget-wrap elementor-element-populated\">\n\t\t\t\t\t\t\t\t<div class=\"elementor-element elementor-element-2249eb6 elementor-widget elementor-widget-heading\" data-id=\"2249eb6\" data-element_type=\"widget\" data-widget_type=\"heading.default\">\n\t\t\t\t<div class=\"elementor-widget-container\">\n\t\t\t<h4 class=\"elementor-heading-title elementor-size-default\">14. prosinca 2023. u 19:00 sati<br\/>\nZagreb, Kaptol centar, Nova Ves 17\nCineStar, dvorana 1<\/h4>\t\t<\/div>\n\t\t\t\t<\/div>\n\t\t\t\t\t<\/div>\n\t\t<\/div>\n\t\t\t\t\t\t\t<\/div>\n\t\t<\/section>\n\t\t\t\t<section class=\"elementor-section elementor-top-section elementor-element elementor-element-723464a elementor-section-boxed elementor-section-height-default elementor-section-height-default\" data-id=\"723464a\" data-element_type=\"section\">\n\t\t\t\t\t\t<div class=\"elementor-container elementor-column-gap-default\">\n\t\t\t\t\t<div class=\"elementor-column elementor-col-100 elementor-top-column elementor-element elementor-element-8f570f6\" data-id=\"8f570f6\" data-element_type=\"column\">\n\t\t\t<div class=\"elementor-widget-wrap elementor-element-populated\">\n\t\t\t\t\t\t\t\t<div class=\"elementor-element elementor-element-2050dbb elementor-widget elementor-widget-heading\" data-id=\"2050dbb\" data-element_type=\"widget\" data-widget_type=\"heading.default\">\n\t\t\t\t<div class=\"elementor-widget-container\">\n\t\t\t<h6 class=\"elementor-heading-title elementor-size-default\"><a href=\"http:\/\/ulaznice.hr\/r\/Zivot-s-depresijom_Aleksandar-Stankovic\">Ulaznice po cijeni od 30 \u20ac na ulaznice.hr<\/a><\/h6>\t\t<\/div>\n\t\t\t\t<\/div>\n\t\t\t\t<div class=\"elementor-element elementor-element-82d557d elementor-widget elementor-widget-image\" data-id=\"82d557d\" data-element_type=\"widget\" data-widget_type=\"image.default\">\n\t\t\t\t<div class=\"elementor-widget-container\">\n\t\t\t\t\t\t\t\t\t\t\t\t\t\t\t<img width=\"150\" height=\"150\" src=\"https:\/\/rczg.hr\/wp-content\/uploads\/2023\/12\/QR-150x150.png\" class=\"attachment-thumbnail size-thumbnail\" alt=\"\" loading=\"lazy\" \/>\t\t\t\t\t\t\t\t\t\t\t\t\t\t\t<\/div>\n\t\t\t\t<\/div>\n\t\t\t\t\t<\/div>\n\t\t<\/div>\n\t\t\t\t\t\t\t<\/div>\n\t\t<\/section>\n\t\t\t\t<section class=\"elementor-section elementor-top-section elementor-element elementor-element-410f14b elementor-section-boxed elementor-section-height-default elementor-section-height-default\" data-id=\"410f14b\" data-element_type=\"section\">\n\t\t\t\t\t\t<div class=\"elementor-container elementor-column-gap-default\">\n\t\t\t\t\t<div class=\"elementor-column elementor-col-100 elementor-top-column elementor-element elementor-element-51f1159\" data-id=\"51f1159\" data-element_type=\"column\">\n\t\t\t<div class=\"elementor-widget-wrap elementor-element-populated\">\n\t\t\t\t\t\t\t\t<div class=\"elementor-element elementor-element-0e913c3 elementor-widget elementor-widget-text-editor\" data-id=\"0e913c3\" data-element_type=\"widget\" data-widget_type=\"text-editor.default\">\n\t\t\t\t<div class=\"elementor-widget-container\">\n\t\t\t<style>\/*! elementor - v3.6.0 - 21-03-2022 *\/\n.elementor-widget-text-editor.elementor-drop-cap-view-stacked .elementor-drop-cap{background-color:#818a91;color:#fff}.elementor-widget-text-editor.elementor-drop-cap-view-framed .elementor-drop-cap{color:#818a91;border:3px solid;background-color:transparent}.elementor-widget-text-editor:not(.elementor-drop-cap-view-default) .elementor-drop-cap{margin-top:8px}.elementor-widget-text-editor:not(.elementor-drop-cap-view-default) .elementor-drop-cap-letter{width:1em;height:1em}.elementor-widget-text-editor .elementor-drop-cap{float:left;text-align:center;line-height:1;font-size:50px}.elementor-widget-text-editor .elementor-drop-cap-letter{display:inline-block}<\/style>\t\t\t\t<p>\u201eDepresija je kao da si na dnu bunara pa danima nikako da iza\u0111e\u0161 iz tog bunara. Svako se jutro budi\u0161 s nadom da \u0107e biti bolje, ali nije bolje. Nada\u0161 se deset dana, mjesec dana, ali nije bolje. Mo\u017eda \u0107e ovo \u0161to svjedo\u010dim zna\u010diti nekom drugom. Da ljudi misle da se i oni mogu boriti i di\u0107i. Mo\u017eda \u0107emo od\u0161krinuti mala vrata kako ljudi ne bi imali toliko problema s dijagnozama psihi\u010dkih poreme\u0107aja.\u201c (A. Stankovi\u0107)<\/p><p>U slu\u010daju mentalnih pote\u0161ko\u0107a postoji previ\u0161e straha, neznanja i \u0161tetnih stavova. Ovim predavanjem i raspravom \u017eelimo pridonijeti da se depresija i mentalne bolesti ne stigmatiziraju ve\u0107 prepoznaju i prihvate kao stvaran dru\u0161tveni problem.<\/p><p>Sredstvima od prodanih ulaznica poma\u017eemo Zavodu dje\u010dje i adolescentne psihijatrije i psihoterapije KBC-a Rebro i to za ure\u0111enje atrija u kojem mali pacijenti provode dio svoga vremena. \u201eDje\u010dja depresija je u porastu i zahva\u0107a vrlo malu djecu. Presudna je rana dijagnoza.\u201c (dr. I. Begovac)<\/p><div class=\"page\" title=\"Page 2\"><div class=\"layoutArea\"><div class=\"column\"><p>Sredstvima od prodanih ulaznica, kolaz\u030ca i grafika nas\u030cih poznatih slikara Baneta Milenkovic\u0301a, Vatroslava Kulis\u030ca, Zoltana Novaka i \u0110ure Pulitike poma\u017eemo Zavodu djec\u030cje i adolescentne psihijatrije i psihoterapije KBC-a Rebro i to za ure\u0111enje atrija u kojem mali pacijenti provode dio svoga vremena.<\/p><p>Fotografije, cijene i opisi grafika i kolaz\u030ca nalaze se u katalogu koji se mo\u017ee preuzeti <span style=\"text-decoration: underline;\"><a href=\"http:\/\/rczg.hr\/wp-content\/uploads\/2023\/12\/Katalog-AKCIJA-Depra-2023.-RC-Zagreb-Gradec.pdf\">ovdje<\/a><\/span>.<\/p><\/div><\/div><\/div><p>Kolaz\u030ci i grafike moc\u0301i c\u0301e se kupiti nakon predavanja, u predvorju kina. Ukoliko ih z\u030celite kupiti prije 14. prosinca 2023. pos\u030caljite potvrdu o uplati, za odabranu grafiku ili kolaz\u030c, nas\u030coj tajnici g\u0111i. Sandri Krsnik (e-mail: krsnik.s@gmail.com).<\/p><p style=\"text-align: center;\">Predavanje i rasprava odr\u017eat \u0107e se u Zagrebu, CineStar, Kaptol centar, dvorana 1,<br \/>14. prosinca 2023. u 19 sati<br \/>(besplatan parking u gara\u017ei 3 sata).<\/p>\t\t\t\t\t\t<\/div>\n\t\t\t\t<\/div>\n\t\t\t\t\t<\/div>\n\t\t<\/div>\n\t\t\t\t\t\t\t<\/div>\n\t\t<\/section>\n\t\t\t\t\t\t\t<\/div>\n\t\t","protected":false},"excerpt":{"rendered":"<p>Pomaz\u030cemo Zavodu djec\u030cje i adolescentne psihijatrije i psihoterapije KBC-a Rebro U raspravi sudjeluju dr. Danica Romac i otac maloljetnika s osobnim svjedoc\u030canstvom [&hellip;]<\/p>\n","protected":false},"author":1,"featured_media":0,"comment_status":"closed","ping_status":"closed","sticky":false,"template":"","format":"standard","meta":[],"categories":[10],"tags":[],"_links":{"self":[{"href":"https:\/\/rczg.hr\/index.php?rest_route=\/wp\/v2\/posts\/1197"}],"collection":[{"href":"https:\/\/rczg.hr\/index.php?rest_route=\/wp\/v2\/posts"}],"about":[{"href":"https:\/\/rczg.hr\/index.php?rest_route=\/wp\/v2\/types\/post"}],"author":[{"embeddable":true,"href":"https:\/\/rczg.hr\/index.php?rest_route=\/wp\/v2\/users\/1"}],"replies":[{"embeddable":true,"href":"https:\/\/rczg.hr\/index.php?rest_route=%2Fwp%2Fv2%2Fcomments&post=1197"}],"version-history":[{"count":24,"href":"https:\/\/rczg.hr\/index.php?rest_route=\/wp\/v2\/posts\/1197\/revisions"}],"predecessor-version":[{"id":1226,"href":"https:\/\/rczg.hr\/index.php?rest_route=\/wp\/v2\/posts\/1197\/revisions\/1226"}],"wp:attachment":[{"href":"https:\/\/rczg.hr\/index.php?rest_route=%2Fwp%2Fv2%2Fmedia&parent=1197"}],"wp:term":[{"taxonomy":"category","embeddable":true,"href":"https:\/\/rczg.hr\/index.php?rest_route=%2Fwp%2Fv2%2Fcategories&post=1197"},{"taxonomy":"post_tag","embeddable":true,"href":"https:\/\/rczg.hr\/index.php?rest_route=%2Fwp%2Fv2%2Ftags&post=1197"}],"curies":[{"name":"wp","href":"https:\/\/api.w.org\/{rel}","templated":true}]}}